{"id":110,"date":"2015-12-29T11:14:39","date_gmt":"2015-12-29T10:14:39","guid":{"rendered":"http:\/\/urlaub.eschrich.me\/?p=110"},"modified":"2015-12-29T11:14:39","modified_gmt":"2015-12-29T10:14:39","slug":"cape-reinga-und-kauri-waelder","status":"publish","type":"post","link":"https:\/\/urlaub.eschrich.me\/?p=110","title":{"rendered":"Cape Reinga und Kauri W\u00e4lder"},"content":{"rendered":"<p>Wir sind \u00fcberw\u00e4ltigt von der Natur und unseren Erlebnissen der letzen zwei Tage. Gestern startete 08:30 Uhr unsere Bustour zum Cape mit zahlreichen Zwischenstopps.<\/p>\n<p>Das fr\u00fche Aufstehen ist gar kein Problem. Ab um 7 Uhr ist reger Betrieb auf den Campingpl\u00e4tzen. Aber das ist ja kein Wunder, immerhin geht hier ja auch schon sehr zeitig die Sonne auf.<\/p>\n<p>Zuerst ging es mit dem Bus in einen Gum-Diggers-Park &#8211; eine Art Freiland-Museum, bei dem gezeigt wurde wie aus Kaurib\u00e4umen Gummi gewonnen wurde. Dann gab es einen Zwischenstopp in einer Bucht mit glasklaren Wasser, ein Halt zum Mittagessen und dann erreichten wir endlich das Cape Reinga. Waren doch ca 120 km eine Strecke.&nbsp;<\/p>\n<p>Im Bus hat es ordentlich geschaukelt- was aber eigentlich ganz positiv war, da Marian wunderbar schlafen konnte und fit f\u00fcr die Schlussattraktion war.&nbsp;<\/p>\n<p>Zum Cape konnte man dann laufen &#8211; bergab. Aber wir waren komischerweise nicht die einzigsten. Dennoch haben wir tolle Fotos gemacht, eine super Aussicht genossen und das Wetter war bombastisch. Laut Reiseleiter konnte man den Tag vorher nichts sehen. Also Gl\u00fcck f\u00fcr uns.<\/p>\n<p>&nbsp;<a href=\"http:\/\/urlaub.eschrich.me\/wp-content\/uploads\/2015\/12\/img_1763.jpeg\"><img src=\"http:\/\/urlaub.eschrich.me\/wp-content\/uploads\/2015\/12\/img_1763.jpeg\" alt=\"\"><\/a>&nbsp;&nbsp;<br \/>\n<a href=\"http:\/\/urlaub.eschrich.me\/wp-content\/uploads\/2015\/12\/img_1868.jpeg\"><img src=\"http:\/\/urlaub.eschrich.me\/wp-content\/uploads\/2015\/12\/img_1868.jpeg\" alt=\"\"><\/a>&nbsp;&nbsp;<a href=\"http:\/\/urlaub.eschrich.me\/wp-content\/uploads\/2015\/12\/img_1862.jpeg\"><img src=\"http:\/\/urlaub.eschrich.me\/wp-content\/uploads\/2015\/12\/img_1862.jpeg\" alt=\"\"><\/a>&nbsp;&nbsp;<br \/>\n<a href=\"http:\/\/urlaub.eschrich.me\/wp-content\/uploads\/2015\/12\/img_1929.jpeg\"><img src=\"http:\/\/urlaub.eschrich.me\/wp-content\/uploads\/2015\/12\/img_1929.jpeg\" alt=\"\"><\/a>&nbsp;&nbsp;<a href=\"http:\/\/urlaub.eschrich.me\/wp-content\/uploads\/2015\/12\/img_1943.jpeg\"><img src=\"http:\/\/urlaub.eschrich.me\/wp-content\/uploads\/2015\/12\/img_1943.jpeg\" alt=\"\"><\/a>&nbsp;&nbsp;<\/p>\n<p>&nbsp; &nbsp;&nbsp;<br \/>\n&nbsp;Danach ging es endlich zum ersehnten Sandd\u00fcnensurfen. Erstmal mussten wir mit unseren Boards die D\u00fcnen erklimmen, das war sehr m\u00fchselig, da der Sand sehr fein ist und man st\u00e4ndig wegrutschte. Aber f\u00fcr sowas hat Marian auf alle F\u00e4lle immer Kraft und Ausdauer. Und dann ging es in Bauchlage und schnellen Tempo abw\u00e4rts. Marian hat das mit Bravour geleistet und hat super gelenkt. Nat\u00fcrlich auch wir haben eine gute Figur gezeigt, aber es gab auch den ein oder anderen Sturz zu beobachten und wir haben viel gelacht.&nbsp;Leider ging es laut Marian viel zu schnell weiter mit dem Bus. Im rasantem Tempo sind wir den Highway Nummer 1 &#8211; den 90 Miles Beach mit dem Bus zur\u00fcck gefahren. Das war anfangs sehr beeindruckend aber dann mit der Zeit doch etwas eint\u00f6nig. Rechts das Meer mit Wellen, links D\u00fcnen und das \u00fcber Kilometer. Spannend wurde es nur bei der Abfahrt, als der Bus vor uns im Sand h\u00e4ngen blieb und unser Busfahrer mit unserem Bus versucht hat ihn wieder herauszuziehen.&nbsp;<\/p>\n<p>Aber hier sind alle sehr hilfsbereit und der Bus wurde mit Hilfe eines Pickups schlussendlich r\u00fcckw\u00e4rts wieder zur\u00fcck auf den Strand gezogen und hat nach einem neuen Versuch auch die Anfahrt gemeistert.<\/p>\n<p>Heute haben wir einen neuen Campingplatz in der N\u00e4he von Dargaville angesteuert. Die Lage ist wieder traumhaft, direkt an einer Bucht. Der Weg dahin war sehr m\u00fchselig aber auch facettenreich.&nbsp;<\/p>\n<p>Der Einstand war schon super, nach kurzer sehr kurvenreicher Strecke rief Marian, wir sollten doch mal zu ihm nach hinten kommen. Ergebnis war ein sich \u00fcbergebendes Kind, das einen wunderbaren Geruch im Wohnmobil verbreitete und sein Fr\u00fchst\u00fcck auf IPad, Kindersitz, Tisch und Boden hinterlie\u00df.&nbsp;<\/p>\n<p>Nach Reinigung und Sitzplatzverlagerung ging die Fahrt dann weiter durch die unterschiedlichsten Vegetationszonen und Landschaften mit einem st\u00e4ndigen bergauf und bergab. Herrliche Buchten passierten wir, super W\u00e4lder, traumhafte Str\u00e4nde.&nbsp;<\/p>\n<p>Am Tane Mahuta &#8211; dem gr\u00f6\u00dften noch existierten Kauribaum machten wir einen Zwischenstopp und auch die Four Sisters &#8211; vier gro\u00dfe Kaurib\u00e4ume nebeneinander stehend &#8211; betrachteten wir. Ein wirklich gigantisches Erlebnis. Die B\u00e4ume sind riesig und wirklich beeindruckend wenn man da so klein davor steht.&nbsp;<\/p>\n<p>&nbsp;<a href=\"http:\/\/urlaub.eschrich.me\/wp-content\/uploads\/2015\/12\/img_2068-1.jpeg\"><img src=\"http:\/\/urlaub.eschrich.me\/wp-content\/uploads\/2015\/12\/img_2068-1.jpeg\" alt=\"\"><\/a>&nbsp;&nbsp;<br \/>\n<a href=\"http:\/\/urlaub.eschrich.me\/wp-content\/uploads\/2015\/12\/img_2140.jpeg\"><img src=\"http:\/\/urlaub.eschrich.me\/wp-content\/uploads\/2015\/12\/img_2140.jpeg\" alt=\"\"><\/a>&nbsp;&nbsp;<a href=\"http:\/\/urlaub.eschrich.me\/wp-content\/uploads\/2015\/12\/img_2073-1.jpeg\"><img src=\"http:\/\/urlaub.eschrich.me\/wp-content\/uploads\/2015\/12\/img_2073-1.jpeg\" alt=\"\"><\/a>&nbsp;&nbsp;<br \/>\n<a href=\"http:\/\/urlaub.eschrich.me\/wp-content\/uploads\/2015\/12\/img_2186-1.jpeg\"><img src=\"http:\/\/urlaub.eschrich.me\/wp-content\/uploads\/2015\/12\/img_2186-1.jpeg\" alt=\"\"><\/a>&nbsp;&nbsp;<a href=\"http:\/\/urlaub.eschrich.me\/wp-content\/uploads\/2015\/12\/img_2183.jpeg\"><img src=\"http:\/\/urlaub.eschrich.me\/wp-content\/uploads\/2015\/12\/img_2183.jpeg\" alt=\"\"><\/a>&nbsp;<br \/>\nUm halb 7 haben wir endlich unseren Camping Platz erreicht und nach kurzem Bad im Meer und Abend essen ging um halb 11 auch wieder ein erlebnisreicher Tag zu Ende.<\/p>\n<p>Morgen starten wir dann unsere Tour nach Auckland und werden dann dort die n\u00e4chsten Tage verbringen.&nbsp;<\/p>\n","protected":false},"excerpt":{"rendered":"<p>Wir sind \u00fcberw\u00e4ltigt von der Natur und unseren Erlebnissen der letzen zwei Tage. Gestern startete 08:30 Uhr unsere Bustour zum Cape mit zahlreichen Zwischenstopps. Das fr\u00fche Aufstehen ist gar kein Problem. Ab um 7 Uhr ist reger Betrieb auf den Campingpl\u00e4tzen. Aber das ist ja kein Wunder, immerhin geht hier ja auch schon sehr zeitig [&hellip;]<\/p>\n","protected":false},"author":2,"featured_media":0,"comment_status":"open","ping_status":"open","sticky":false,"template":"","format":"standard","meta":[],"categories":[1],"tags":[],"_links":{"self":[{"href":"https:\/\/urlaub.eschrich.me\/index.php?rest_route=\/wp\/v2\/posts\/110"}],"collection":[{"href":"https:\/\/urlaub.eschrich.me\/index.php?rest_route=\/wp\/v2\/posts"}],"about":[{"href":"https:\/\/urlaub.eschrich.me\/index.php?rest_route=\/wp\/v2\/types\/post"}],"author":[{"embeddable":true,"href":"https:\/\/urlaub.eschrich.me\/index.php?rest_route=\/wp\/v2\/users\/2"}],"replies":[{"embeddable":true,"href":"https:\/\/urlaub.eschrich.me\/index.php?rest_route=%2Fwp%2Fv2%2Fcomments&post=110"}],"version-history":[{"count":2,"href":"https:\/\/urlaub.eschrich.me\/index.php?rest_route=\/wp\/v2\/posts\/110\/revisions"}],"predecessor-version":[{"id":126,"href":"https:\/\/urlaub.eschrich.me\/index.php?rest_route=\/wp\/v2\/posts\/110\/revisions\/126"}],"wp:attachment":[{"href":"https:\/\/urlaub.eschrich.me\/index.php?rest_route=%2Fwp%2Fv2%2Fmedia&parent=110"}],"wp:term":[{"taxonomy":"category","embeddable":true,"href":"https:\/\/urlaub.eschrich.me\/index.php?rest_route=%2Fwp%2Fv2%2Fcategories&post=110"},{"taxonomy":"post_tag","embeddable":true,"href":"https:\/\/urlaub.eschrich.me\/index.php?rest_route=%2Fwp%2Fv2%2Ftags&post=110"}],"curies":[{"name":"wp","href":"https:\/\/api.w.org\/{rel}","templated":true}]}}